{"id":13161,"date":"2023-06-06T18:46:28","date_gmt":"2023-06-06T16:46:28","guid":{"rendered":"http:\/\/www.handball-edelweiss-linz.at\/wordpress\/?p=13161"},"modified":"2023-06-06T18:52:38","modified_gmt":"2023-06-06T16:52:38","slug":"danke-fuer-die-unterstuetzung","status":"publish","type":"post","link":"https:\/\/www.handball-edelweiss-linz.at\/wordpress\/danke-fuer-die-unterstuetzung\/","title":{"rendered":"Danke f\u00fcr die Unterst\u00fctzung"},"content":{"rendered":"\n<p><strong>Neue Ausr\u00fcstung f\u00fcr unseren Nachwuchs.<\/strong><\/p>\n\n\n\n<p>Dank der Unterst\u00fctzung der <a href=\"https:\/\/www.facebook.com\/liwest?__cft__[0]=AZU4rbnLktA1dxek9--kRAOCJ0QyjJhlzZMwFpq9nuNEAZV6XaeJRPUZResAPn5CI5TmsbujLwwsLVsKeb8FzH57IoCqMkiKHIpZGkekBCDg9GgHkeS-nOYH5m-8h8jXdyG4jtcE-azKHMPehThg6v9nQ5eFdXwnnpJkJlvq6jK8tTWzqRL0jRkwPIM1p636CJd3_70ijfWwFNfRaJiyZQ-x&amp;__tn__=-]K-R\">LIWEST<\/a> konnten die U11 und U12 Spieler*innen mit Trainingspullis ausgestattet werden. Gesch\u00e4ftsf\u00fchrer Stefan Gintenreiter &#8211; dem als ehemaliger Edelweiss Spieler die Nachwuchsarbeit ein Herzensanliegen ist &#8211; \u00fcberzeugte sich im Training in der H\u00fcttnerschule vom Einsatz unserer Junghandballer*innen.<\/p>\n\n\n\n<hr class=\"wp-block-separator has-alpha-channel-opacity\"\/>\n\n\n\n<figure class=\"wp-block-image size-large\"><img loading=\"lazy\" decoding=\"async\" width=\"600\" height=\"450\" src=\"http:\/\/www.handball-edelweiss-linz.at\/wordpress\/wp-content\/uploads\/IMG-20230606-WA0006-600x450.jpg\" alt=\"\" class=\"wp-image-13166\" srcset=\"https:\/\/www.handball-edelweiss-linz.at\/wordpress\/wp-content\/uploads\/IMG-20230606-WA0006-600x450.jpg 600w, https:\/\/www.handball-edelweiss-linz.at\/wordpress\/wp-content\/uploads\/IMG-20230606-WA0006-300x225.jpg 300w, https:\/\/www.handball-edelweiss-linz.at\/wordpress\/wp-content\/uploads\/IMG-20230606-WA0006-768x576.jpg 768w, https:\/\/www.handball-edelweiss-linz.at\/wordpress\/wp-content\/uploads\/IMG-20230606-WA0006-1536x1152.jpg 1536w, https:\/\/www.handball-edelweiss-linz.at\/wordpress\/wp-content\/uploads\/IMG-20230606-WA0006-128x96.jpg 128w, https:\/\/www.handball-edelweiss-linz.at\/wordpress\/wp-content\/uploads\/IMG-20230606-WA0006-32x24.jpg 32w, https:\/\/www.handball-edelweiss-linz.at\/wordpress\/wp-content\/uploads\/IMG-20230606-WA0006-1024x768.jpg 1024w, https:\/\/www.handball-edelweiss-linz.at\/wordpress\/wp-content\/uploads\/IMG-20230606-WA0006-400x300.jpg 400w, https:\/\/www.handball-edelweiss-linz.at\/wordpress\/wp-content\/uploads\/IMG-20230606-WA0006-310x233.jpg 310w, https:\/\/www.handball-edelweiss-linz.at\/wordpress\/wp-content\/uploads\/IMG-20230606-WA0006-140x105.jpg 140w, https:\/\/www.handball-edelweiss-linz.at\/wordpress\/wp-content\/uploads\/IMG-20230606-WA0006.jpg 2000w\" sizes=\"auto, (max-width: 600px) 100vw, 600px\" \/><\/figure>\n\n\n\n<hr class=\"wp-block-separator has-alpha-channel-opacity\"\/>\n\n\n\n<p class=\"has-small-font-size\">Ver\u00f6ffentlicht von J\u00fcrgen Hammang I Text: Susanne Hain I 06.06.2023<\/p>\n","protected":false},"excerpt":{"rendered":"<p>Neue Ausr\u00fcstung f\u00fcr unseren Nachwuchs. Dank der Unterst\u00fctzung der LIWEST konnten die U11 und U12 Spieler*innen mit Trainingspullis ausgestattet werden. Gesch\u00e4ftsf\u00fchrer Stefan Gintenreiter &#8211; dem<\/p>\n","protected":false},"author":2,"featured_media":13164,"comment_status":"closed","ping_status":"open","sticky":false,"template":"","format":"standard","meta":{"ngg_post_thumbnail":0,"footnotes":""},"categories":[16,1,15],"tags":[],"class_list":["post-13161","post","type-post","status-publish","format-standard","has-post-thumbnail","hentry","category-nachwuchs","category-news","category-verein","comments-off"],"_links":{"self":[{"href":"https:\/\/www.handball-edelweiss-linz.at\/wordpress\/wp-json\/wp\/v2\/posts\/13161","targetHints":{"allow":["GET"]}}],"collection":[{"href":"https:\/\/www.handball-edelweiss-linz.at\/wordpress\/wp-json\/wp\/v2\/posts"}],"about":[{"href":"https:\/\/www.handball-edelweiss-linz.at\/wordpress\/wp-json\/wp\/v2\/types\/post"}],"author":[{"embeddable":true,"href":"https:\/\/www.handball-edelweiss-linz.at\/wordpress\/wp-json\/wp\/v2\/users\/2"}],"replies":[{"embeddable":true,"href":"https:\/\/www.handball-edelweiss-linz.at\/wordpress\/wp-json\/wp\/v2\/comments?post=13161"}],"version-history":[{"count":2,"href":"https:\/\/www.handball-edelweiss-linz.at\/wordpress\/wp-json\/wp\/v2\/posts\/13161\/revisions"}],"predecessor-version":[{"id":13167,"href":"https:\/\/www.handball-edelweiss-linz.at\/wordpress\/wp-json\/wp\/v2\/posts\/13161\/revisions\/13167"}],"wp:featuredmedia":[{"embeddable":true,"href":"https:\/\/www.handball-edelweiss-linz.at\/wordpress\/wp-json\/wp\/v2\/media\/13164"}],"wp:attachment":[{"href":"https:\/\/www.handball-edelweiss-linz.at\/wordpress\/wp-json\/wp\/v2\/media?parent=13161"}],"wp:term":[{"taxonomy":"category","embeddable":true,"href":"https:\/\/www.handball-edelweiss-linz.at\/wordpress\/wp-json\/wp\/v2\/categories?post=13161"},{"taxonomy":"post_tag","embeddable":true,"href":"https:\/\/www.handball-edelweiss-linz.at\/wordpress\/wp-json\/wp\/v2\/tags?post=13161"}],"curies":[{"name":"wp","href":"https:\/\/api.w.org\/{rel}","templated":true}]}}