{"id":17580,"date":"2026-02-15T06:58:00","date_gmt":"2026-02-15T05:58:00","guid":{"rendered":"https:\/\/www.handball-edelweiss-linz.at\/wordpress\/?p=17580"},"modified":"2026-02-19T14:22:03","modified_gmt":"2026-02-19T13:22:03","slug":"starker-fight-in-vorarlberg-bleibt-unbelohnt","status":"publish","type":"post","link":"https:\/\/www.handball-edelweiss-linz.at\/wordpress\/starker-fight-in-vorarlberg-bleibt-unbelohnt\/","title":{"rendered":"Starker Fight in Vorarlberg bleibt unbelohnt"},"content":{"rendered":"\n<p>SG Traun\/Edelweiss hatte sich f\u00fcr das Ausw\u00e4rtsspiel beim Tabellenvierten Bregenz Handball FT einiges vorgenommen \u2013 und lieferte in der HLA CHALLENGE West einen leidenschaftlichen Auftritt ab. Trotz einer \u00fcberragenden Defensivleistung musste sich unser Herren-Team am Ende knapp mit 26:24 geschlagen geben. Zur Pause lag man noch verdient mit 11:12 in F\u00fchrung.<\/p>\n\n\n\n<p>Von Beginn an war zu sp\u00fcren, dass unsere Mannschaft hochkonzentriert in die Partie ging. Die Abwehr stand kompakt, arbeitete aggressiv im Verbund und unterst\u00fctzte den stark aufspielenden Schlussmann hervorragend. Bregenz tat sich schwer, zu klaren Chancen zu kommen, und musste sich viele Treffer hart erarbeiten. Im Angriff agierte die SG geduldig, spielte ihre Konzepte sauber aus und nutzte die sich bietenden M\u00f6glichkeiten konsequent. Der verdiente Lohn: eine knappe, aber verdiente 11:12-Pausenf\u00fchrung in einer intensiv gef\u00fchrten Begegnung.<\/p>\n\n\n\n<p>Nach dem Seitenwechsel erh\u00f6hte Bregenz den Druck und nutzte kleine Unachtsamkeiten, um das Spiel zu drehen. Doch unsere Mannschaft hielt dagegen, k\u00e4mpfte um jeden Ball und blieb dank der weiterhin starken Abwehrleistung stets in Schlagdistanz. In der Schlussphase entwickelte sich ein offener Schlagabtausch auf Augenh\u00f6he. Kleinigkeiten entschieden letztlich die Partie \u2013 zwei nicht genutzte Chancen und effiziente Abschl\u00fcsse der Hausherren besiegelten die knappe 26:24-Niederlage.<\/p>\n\n\n\n<p>Auch wenn am Ende keine Punkte mit nach Hause genommen werden konnten, kann die Mannschaft stolz auf ihre Leistung sein. Einsatz, Disziplin und vor allem die Defensivarbeit gegen einen starken Gegner stimmen positiv f\u00fcr die kommenden Aufgaben.<\/p>\n\n\n\n<hr class=\"wp-block-separator has-alpha-channel-opacity\"\/>\n\n\n\n<p>\u27a1\ufe0f HLA CHALLENGE | <strong>13. Runde<\/strong><br><strong>Bregenz Handball FT &#8211; SG SK Traun\/Union Edelweiss Linz<\/strong><br>26:24 (11:12)<br>Tore: Dominik Oppermann (10), Manuell Oppermann (5), Tore Strauch (3), Alwin Zulehner (2), Nait Mislimoski (2), Philipp Lindenhofer (2)<\/p>\n\n\n\n<hr class=\"wp-block-separator has-alpha-channel-opacity\"\/>\n\n\n\n<p class=\"has-small-font-size\">Geschrieben von J\u00fcrgen Hammang f\u00fcr die Sportunion Edelweiss Linz I Foto: Traun\/Edelweiss<\/p>\n","protected":false},"excerpt":{"rendered":"<p>SG Traun\/Edelweiss hatte sich f\u00fcr das Ausw\u00e4rtsspiel beim Tabellenvierten Bregenz Handball FT einiges vorgenommen \u2013 und lieferte in der HLA CHALLENGE West einen leidenschaftlichen Auftritt<\/p>\n","protected":false},"author":2,"featured_media":16723,"comment_status":"closed","ping_status":"open","sticky":false,"template":"","format":"standard","meta":{"ngg_post_thumbnail":0,"footnotes":""},"categories":[82,1,76],"tags":[],"class_list":["post-17580","post","type-post","status-publish","format-standard","has-post-thumbnail","hentry","category-hla-challenge","category-news","category-spielgemeinschaft-2","comments-off"],"_links":{"self":[{"href":"https:\/\/www.handball-edelweiss-linz.at\/wordpress\/wp-json\/wp\/v2\/posts\/17580","targetHints":{"allow":["GET"]}}],"collection":[{"href":"https:\/\/www.handball-edelweiss-linz.at\/wordpress\/wp-json\/wp\/v2\/posts"}],"about":[{"href":"https:\/\/www.handball-edelweiss-linz.at\/wordpress\/wp-json\/wp\/v2\/types\/post"}],"author":[{"embeddable":true,"href":"https:\/\/www.handball-edelweiss-linz.at\/wordpress\/wp-json\/wp\/v2\/users\/2"}],"replies":[{"embeddable":true,"href":"https:\/\/www.handball-edelweiss-linz.at\/wordpress\/wp-json\/wp\/v2\/comments?post=17580"}],"version-history":[{"count":4,"href":"https:\/\/www.handball-edelweiss-linz.at\/wordpress\/wp-json\/wp\/v2\/posts\/17580\/revisions"}],"predecessor-version":[{"id":17600,"href":"https:\/\/www.handball-edelweiss-linz.at\/wordpress\/wp-json\/wp\/v2\/posts\/17580\/revisions\/17600"}],"wp:featuredmedia":[{"embeddable":true,"href":"https:\/\/www.handball-edelweiss-linz.at\/wordpress\/wp-json\/wp\/v2\/media\/16723"}],"wp:attachment":[{"href":"https:\/\/www.handball-edelweiss-linz.at\/wordpress\/wp-json\/wp\/v2\/media?parent=17580"}],"wp:term":[{"taxonomy":"category","embeddable":true,"href":"https:\/\/www.handball-edelweiss-linz.at\/wordpress\/wp-json\/wp\/v2\/categories?post=17580"},{"taxonomy":"post_tag","embeddable":true,"href":"https:\/\/www.handball-edelweiss-linz.at\/wordpress\/wp-json\/wp\/v2\/tags?post=17580"}],"curies":[{"name":"wp","href":"https:\/\/api.w.org\/{rel}","templated":true}]}}