{"id":17610,"date":"2026-02-25T08:26:50","date_gmt":"2026-02-25T07:26:50","guid":{"rendered":"https:\/\/www.handball-edelweiss-linz.at\/wordpress\/?p=17610"},"modified":"2026-02-25T13:49:55","modified_gmt":"2026-02-25T12:49:55","slug":"sg-edelweiss-traun-empfaengt-am-freitag-eferding","status":"publish","type":"post","link":"https:\/\/www.handball-edelweiss-linz.at\/wordpress\/sg-edelweiss-traun-empfaengt-am-freitag-eferding\/","title":{"rendered":"SG Edelweiss\/Traun empf\u00e4ngt am Freitag Eferding"},"content":{"rendered":"\n<p>Am kommenden Spieltag der Landesliga steht f\u00fcr die Spielgemeinschaft Edelweiss\/Traun ein richtungsweisendes Heimspiel auf dem Programm. In der SNMS Linz-Kleinm\u00fcnchen trifft man auf den HC Eferding und die Ausgangslage ist klar. Mit einem Erfolg k\u00f6nnten sich unsere Jungs den insgesamt siebten Saisonsieg sichern und damit wieder an der Tabellenspitze anklopfen.<\/p>\n\n\n\n<p>Auf den ersten Blick scheint die Favoritenrolle auch eindeutig verteilt. Die G\u00e4ste aus Eferding zieren aktuell das Tabellenende und konnten bislang lediglich einen Sieg aus neun Partien verbuchen. Zuletzt mussten die Eferdinger eine 21:25-Heimniederlage gegen ASK\u00d6 Urfahr hinnehmen.<\/p>\n\n\n\n<p>Doch Vorsicht ist geboten. Das Hinspiel hat gezeigt, dass der HC Eferding deutlich st\u00e4rker ist, als es der Tabellenstand vermuten l\u00e4sst. Beim knappen 35:34-Ausw\u00e4rtserfolg unserer Mannschaft lieferten die Gastgeber einen gro\u00dfen Kampf und verlangten unserer Mannschaft alles ab. Unser Team ist also gewarnt.<\/p>\n\n\n\n<p>F\u00fcr unsere Jungs gilt es nun, von Beginn an konzentriert aufzutreten und die eigenen St\u00e4rken auf die Platte zu bringen. Vor heimischem Publikum will man das Tempo diktieren, in der Defensive kompakt stehen und im Angriff konsequent abschlie\u00dfen.<\/p>\n\n\n\n<p>Die Ausgangslage ist reizvoll. Mit einem weiteren Erfolg winkt nicht nur der siebte Saisonsieg, sondern auch die eventuelle R\u00fcckkehr an die Tabellenspitze der Landesliga.<\/p>\n\n\n\n<hr class=\"wp-block-separator has-alpha-channel-opacity\"\/>\n\n\n\n<p>\u27a1\ufe0f <strong>HERREN<\/strong> | O\u00d6 LANDESLIGA<br><strong>SG Union Edelweiss Linz\/SK Traun vs. HC Eferding<\/strong><br>Freitag, 27.02.2026 | 20:15 Uhr<br>SNMS Linz-Kleinm\u00fcnchen<\/p>\n\n\n\n<hr class=\"wp-block-separator has-alpha-channel-opacity\"\/>\n\n\n\n<p class=\"has-small-font-size\">Geschrieben von J\u00fcrgen Hammang f\u00fcr die Sportunion Edelweiss Linz I Foto: sparkle<\/p>\n","protected":false},"excerpt":{"rendered":"<p>Am kommenden Spieltag der Landesliga steht f\u00fcr die Spielgemeinschaft Edelweiss\/Traun ein richtungsweisendes Heimspiel auf dem Programm. In der SNMS Linz-Kleinm\u00fcnchen trifft man auf den HC<\/p>\n","protected":false},"author":2,"featured_media":17616,"comment_status":"closed","ping_status":"open","sticky":false,"template":"","format":"standard","meta":{"ngg_post_thumbnail":0,"footnotes":""},"categories":[27,1,76],"tags":[],"class_list":["post-17610","post","type-post","status-publish","format-standard","has-post-thumbnail","hentry","category-landesliga","category-news","category-spielgemeinschaft-2","comments-off"],"_links":{"self":[{"href":"https:\/\/www.handball-edelweiss-linz.at\/wordpress\/wp-json\/wp\/v2\/posts\/17610","targetHints":{"allow":["GET"]}}],"collection":[{"href":"https:\/\/www.handball-edelweiss-linz.at\/wordpress\/wp-json\/wp\/v2\/posts"}],"about":[{"href":"https:\/\/www.handball-edelweiss-linz.at\/wordpress\/wp-json\/wp\/v2\/types\/post"}],"author":[{"embeddable":true,"href":"https:\/\/www.handball-edelweiss-linz.at\/wordpress\/wp-json\/wp\/v2\/users\/2"}],"replies":[{"embeddable":true,"href":"https:\/\/www.handball-edelweiss-linz.at\/wordpress\/wp-json\/wp\/v2\/comments?post=17610"}],"version-history":[{"count":6,"href":"https:\/\/www.handball-edelweiss-linz.at\/wordpress\/wp-json\/wp\/v2\/posts\/17610\/revisions"}],"predecessor-version":[{"id":17621,"href":"https:\/\/www.handball-edelweiss-linz.at\/wordpress\/wp-json\/wp\/v2\/posts\/17610\/revisions\/17621"}],"wp:featuredmedia":[{"embeddable":true,"href":"https:\/\/www.handball-edelweiss-linz.at\/wordpress\/wp-json\/wp\/v2\/media\/17616"}],"wp:attachment":[{"href":"https:\/\/www.handball-edelweiss-linz.at\/wordpress\/wp-json\/wp\/v2\/media?parent=17610"}],"wp:term":[{"taxonomy":"category","embeddable":true,"href":"https:\/\/www.handball-edelweiss-linz.at\/wordpress\/wp-json\/wp\/v2\/categories?post=17610"},{"taxonomy":"post_tag","embeddable":true,"href":"https:\/\/www.handball-edelweiss-linz.at\/wordpress\/wp-json\/wp\/v2\/tags?post=17610"}],"curies":[{"name":"wp","href":"https:\/\/api.w.org\/{rel}","templated":true}]}}