{"id":17623,"date":"2026-02-27T09:36:14","date_gmt":"2026-02-27T08:36:14","guid":{"rendered":"https:\/\/www.handball-edelweiss-linz.at\/wordpress\/?p=17623"},"modified":"2026-02-27T09:43:14","modified_gmt":"2026-02-27T08:43:14","slug":"die-sg-traun-edelweiss-beendet-grunddurchgang-auf-platz-sieben","status":"publish","type":"post","link":"https:\/\/www.handball-edelweiss-linz.at\/wordpress\/die-sg-traun-edelweiss-beendet-grunddurchgang-auf-platz-sieben\/","title":{"rendered":"Die SG Traun\/Edelweiss beendet Grunddurchgang auf Platz sieben"},"content":{"rendered":"\n<p>Die SG Traun\/Edelweiss hat den Grunddurchgang der laufenden HLA-Challenge-Saison auf Tabellenplatz sieben und damit auf dem vorletzten Rang abgeschlossen. Trotz phasenweise engagierter Leistungen konnte das Team nicht gen\u00fcgend Punkte sammeln, um sich fr\u00fchzeitig aus der unteren Tabellenregion zu l\u00f6sen.<\/p>\n\n\n\n<p>Nun richtet sich der volle Fokus auf die bevorstehende Abstiegsrunde. In dieser verbleiben mit Wels, HC LINZ Future Team, Schwaz, Salzburg und Bregenz insgesamt sechs der urspr\u00fcnglich acht Vereine im Rennen um den Klassenerhalt. Die Ausgangslage verspricht Spannung, denn jeder Punkt kann in der entscheidenden Phase den Unterschied machen.<\/p>\n\n\n\n<p>Der Auftakt in die Abstiegsrunde erfolgt am <strong>07. M\u00e4rz 2026<\/strong>. Zum Start m\u00fcssen unsere Jungs ausw\u00e4rts antreten und sind beim Future Team in Bregenz zu Gast. Dort gilt es, von Beginn an ein Zeichen zu setzen und wichtige Z\u00e4hler im Kampf um den Verbleib in der Liga zu holen.<\/p>\n\n\n\n<p>Die Mannschaft wird die kommenden Trainingstage intensiv nutzen, um bestm\u00f6glich vorbereitet in die entscheidende Saisonphase zu gehen. Ziel bleibt klar. Mit geschlossenem Teamgeist und konsequenten Leistungen den Klassenerhalt sichern.<\/p>\n\n\n\n<hr class=\"wp-block-separator has-alpha-channel-opacity\"\/>\n\n\n\n<p class=\"has-small-font-size\">Geschrieben von J\u00fcrgen Hammang f\u00fcr die Sportunion Edelweiss Linz I Foto: sparkle<\/p>\n","protected":false},"excerpt":{"rendered":"<p>Die SG Traun\/Edelweiss hat den Grunddurchgang der laufenden HLA-Challenge-Saison auf Tabellenplatz sieben und damit auf dem vorletzten Rang abgeschlossen. Trotz phasenweise engagierter Leistungen konnte das<\/p>\n","protected":false},"author":2,"featured_media":17629,"comment_status":"closed","ping_status":"open","sticky":false,"template":"","format":"standard","meta":{"ngg_post_thumbnail":0,"footnotes":""},"categories":[82,1,76],"tags":[],"class_list":["post-17623","post","type-post","status-publish","format-standard","has-post-thumbnail","hentry","category-hla-challenge","category-news","category-spielgemeinschaft-2","comments-off"],"_links":{"self":[{"href":"https:\/\/www.handball-edelweiss-linz.at\/wordpress\/wp-json\/wp\/v2\/posts\/17623","targetHints":{"allow":["GET"]}}],"collection":[{"href":"https:\/\/www.handball-edelweiss-linz.at\/wordpress\/wp-json\/wp\/v2\/posts"}],"about":[{"href":"https:\/\/www.handball-edelweiss-linz.at\/wordpress\/wp-json\/wp\/v2\/types\/post"}],"author":[{"embeddable":true,"href":"https:\/\/www.handball-edelweiss-linz.at\/wordpress\/wp-json\/wp\/v2\/users\/2"}],"replies":[{"embeddable":true,"href":"https:\/\/www.handball-edelweiss-linz.at\/wordpress\/wp-json\/wp\/v2\/comments?post=17623"}],"version-history":[{"count":3,"href":"https:\/\/www.handball-edelweiss-linz.at\/wordpress\/wp-json\/wp\/v2\/posts\/17623\/revisions"}],"predecessor-version":[{"id":17627,"href":"https:\/\/www.handball-edelweiss-linz.at\/wordpress\/wp-json\/wp\/v2\/posts\/17623\/revisions\/17627"}],"wp:featuredmedia":[{"embeddable":true,"href":"https:\/\/www.handball-edelweiss-linz.at\/wordpress\/wp-json\/wp\/v2\/media\/17629"}],"wp:attachment":[{"href":"https:\/\/www.handball-edelweiss-linz.at\/wordpress\/wp-json\/wp\/v2\/media?parent=17623"}],"wp:term":[{"taxonomy":"category","embeddable":true,"href":"https:\/\/www.handball-edelweiss-linz.at\/wordpress\/wp-json\/wp\/v2\/categories?post=17623"},{"taxonomy":"post_tag","embeddable":true,"href":"https:\/\/www.handball-edelweiss-linz.at\/wordpress\/wp-json\/wp\/v2\/tags?post=17623"}],"curies":[{"name":"wp","href":"https:\/\/api.w.org\/{rel}","templated":true}]}}