{"id":5880,"date":"2021-02-25T14:31:15","date_gmt":"2021-02-25T13:31:15","guid":{"rendered":"http:\/\/www.handball-edelweiss-linz.at\/wordpress\/?p=5880"},"modified":"2021-03-02T11:07:30","modified_gmt":"2021-03-02T10:07:30","slug":"kommt-jetzt-die-oeffnung","status":"publish","type":"post","link":"https:\/\/www.handball-edelweiss-linz.at\/wordpress\/kommt-jetzt-die-oeffnung\/","title":{"rendered":"Kommt jetzt die \u00d6ffnung?!"},"content":{"rendered":"\n<p>Am Montag soll es eine neue Entscheidung \u00fcber den Breitensport geben.<br>Welche Perspektiven es geben wird, werden wir nat\u00fcrlich zeitnah in unseren sozialen Medien verbreiten. Seit Monaten wird seitens der zust\u00e4ndigen Stellen auf eine Entscheidung gepocht. Der Montag k\u00f6nnte nun wirklich richtungsweisend f\u00fcr die n\u00e4here Zukunft sein.<br>Konkret geht es bei diesem sogenannten Sportgipfel \u00fcber Sicherheitskonzepte ins Besondere um die im Vereinssport. <\/p>\n\n\n\n<p>Zuletzt gab es auch einen Appell des \u00d6FB-Pr\u00e4sidiums an die Regierung, in dem die derzeit wirklich schlechte Situation rund um das Vereinsleben und der jetzt seit November anhaltenden ungewissen Situation erl\u00e4utert wurde. <\/p>\n\n\n\n<p><a href=\"https:\/\/www.sportaustria.at\/de\/ueber-uns\/sport-austria\/presse\/pressemeldungen\/niessl-vor-regierungsgipfel-im-verein-gibt-es-regeln-und-praeventionskonzepte-im-park-nicht\/\" target=\"_blank\" rel=\"noreferrer noopener\" aria-label=\"Pressemeldung von Sport Austria 27.02.2021 (\u00f6ffnet in neuem Tab)\">Pressemeldung von Sport Austria 27.02.2021<\/a><\/p>\n\n\n\n<p class=\"has-background has-small-font-size has-very-light-gray-background-color\">Ver\u00f6ffentlicht von J\u00fcrgen Hammang &#8211; 25.02.2021<\/p>\n","protected":false},"excerpt":{"rendered":"<p>Am Montag soll es eine neue Entscheidung \u00fcber den Breitensport geben.Welche Perspektiven es geben wird, werden wir nat\u00fcrlich zeitnah in unseren sozialen Medien verbreiten. Seit<\/p>\n","protected":false},"author":2,"featured_media":5886,"comment_status":"closed","ping_status":"open","sticky":false,"template":"","format":"standard","meta":{"ngg_post_thumbnail":0,"footnotes":""},"categories":[1],"tags":[],"class_list":["post-5880","post","type-post","status-publish","format-standard","has-post-thumbnail","hentry","category-news","comments-off"],"_links":{"self":[{"href":"https:\/\/www.handball-edelweiss-linz.at\/wordpress\/wp-json\/wp\/v2\/posts\/5880","targetHints":{"allow":["GET"]}}],"collection":[{"href":"https:\/\/www.handball-edelweiss-linz.at\/wordpress\/wp-json\/wp\/v2\/posts"}],"about":[{"href":"https:\/\/www.handball-edelweiss-linz.at\/wordpress\/wp-json\/wp\/v2\/types\/post"}],"author":[{"embeddable":true,"href":"https:\/\/www.handball-edelweiss-linz.at\/wordpress\/wp-json\/wp\/v2\/users\/2"}],"replies":[{"embeddable":true,"href":"https:\/\/www.handball-edelweiss-linz.at\/wordpress\/wp-json\/wp\/v2\/comments?post=5880"}],"version-history":[{"count":6,"href":"https:\/\/www.handball-edelweiss-linz.at\/wordpress\/wp-json\/wp\/v2\/posts\/5880\/revisions"}],"predecessor-version":[{"id":5888,"href":"https:\/\/www.handball-edelweiss-linz.at\/wordpress\/wp-json\/wp\/v2\/posts\/5880\/revisions\/5888"}],"wp:featuredmedia":[{"embeddable":true,"href":"https:\/\/www.handball-edelweiss-linz.at\/wordpress\/wp-json\/wp\/v2\/media\/5886"}],"wp:attachment":[{"href":"https:\/\/www.handball-edelweiss-linz.at\/wordpress\/wp-json\/wp\/v2\/media?parent=5880"}],"wp:term":[{"taxonomy":"category","embeddable":true,"href":"https:\/\/www.handball-edelweiss-linz.at\/wordpress\/wp-json\/wp\/v2\/categories?post=5880"},{"taxonomy":"post_tag","embeddable":true,"href":"https:\/\/www.handball-edelweiss-linz.at\/wordpress\/wp-json\/wp\/v2\/tags?post=5880"}],"curies":[{"name":"wp","href":"https:\/\/api.w.org\/{rel}","templated":true}]}}