{"id":5967,"date":"2021-03-20T08:35:58","date_gmt":"2021-03-20T07:35:58","guid":{"rendered":"http:\/\/www.handball-edelweiss-linz.at\/wordpress\/?p=5967"},"modified":"2021-03-22T12:47:03","modified_gmt":"2021-03-22T11:47:03","slug":"im-april-geht-es-los","status":"publish","type":"post","link":"https:\/\/www.handball-edelweiss-linz.at\/wordpress\/im-april-geht-es-los\/","title":{"rendered":"Endlich geht es wieder los"},"content":{"rendered":"\n<p>Sehr gute Nachrichten gibt es f\u00fcr unseren Handball-Nachwuchs. Ab M\u00e4rz bzw. April darf nun auch wieder bei uns der Ball geworfen werden.<\/p>\n\n\n\n<p>Wir beginnen wieder unter Beachtung s\u00e4mtlicher notwendiger Corona-Pr\u00e4ventionsma\u00dfnahmen mit den Jugendtrainings im Freien &#8211; sofern es die Witterung zul\u00e4sst &#8211; wie folgt:<\/p>\n\n\n\n<p><strong>Minis: <\/strong>Freitag, 09. April, 15:15 Uhr, Au\u00dfen-Sportbereich der Koref-Schule<br><strong>M\u00e4nnliche Jugend U11 &#8211; U14:<\/strong> Donnerstag, 25. M\u00e4rz, 15:30 Uhr, Union Edelweiss-Sportplatz<br><strong>Weibliche Jugend U11 &#8211; U14 (U15): <\/strong>Freitag, 26. M\u00e4rz, 16:00 Uhr, Union Edelweiss-Sportplatz<\/p>\n\n\n\n<p><div>Wir freuen uns wieder auf ein gemeinsames Training.<\/div><\/p>\n\n\n\n<p><em>&#8222;Als Indoor-Sport erfreut sich Handball gro\u00dfer Beliebtheit. Sein Ursprung liegt allerdings im Freien \u2013 im Feldhandball. Dieser Schritt \u201eback to the roots\u201c sollte daher nicht als Hindernis betrachtet werden, drau\u00dfen neue Bereiche f\u00fcr den eigenen Verein zu erschlie\u00dfen, um die aktuellen Lockerungen auszunutzen!&#8220; Text: Handball Austria<\/em><\/p>\n\n\n\n<div class=\"wp-block-file\"><a href=\"http:\/\/www.handball-edelweiss-linz.at\/wordpress\/wp-content\/uploads\/Handball-goes-outdoor.pdf\">Handball goes outdoor<\/a><a href=\"http:\/\/www.handball-edelweiss-linz.at\/wordpress\/wp-content\/uploads\/Handball-goes-outdoor.pdf\" class=\"wp-block-file__button\" download>Herunterladen<\/a><\/div>\n\n\n\n<p style=\"font-size:12px\" class=\"has-background has-very-light-gray-background-color\">Ver\u00f6ffentlicht von J\u00fcrgen Hammang &#8211; 20.03.2021<\/p>\n","protected":false},"excerpt":{"rendered":"<p>Sehr gute Nachrichten gibt es f\u00fcr unseren Handball-Nachwuchs. Ab M\u00e4rz bzw. April darf nun auch wieder bei uns der Ball geworfen werden. Wir beginnen wieder<\/p>\n","protected":false},"author":2,"featured_media":5969,"comment_status":"closed","ping_status":"open","sticky":false,"template":"","format":"standard","meta":{"ngg_post_thumbnail":0,"footnotes":""},"categories":[16,1],"tags":[],"class_list":["post-5967","post","type-post","status-publish","format-standard","has-post-thumbnail","hentry","category-nachwuchs","category-news","comments-off"],"_links":{"self":[{"href":"https:\/\/www.handball-edelweiss-linz.at\/wordpress\/wp-json\/wp\/v2\/posts\/5967","targetHints":{"allow":["GET"]}}],"collection":[{"href":"https:\/\/www.handball-edelweiss-linz.at\/wordpress\/wp-json\/wp\/v2\/posts"}],"about":[{"href":"https:\/\/www.handball-edelweiss-linz.at\/wordpress\/wp-json\/wp\/v2\/types\/post"}],"author":[{"embeddable":true,"href":"https:\/\/www.handball-edelweiss-linz.at\/wordpress\/wp-json\/wp\/v2\/users\/2"}],"replies":[{"embeddable":true,"href":"https:\/\/www.handball-edelweiss-linz.at\/wordpress\/wp-json\/wp\/v2\/comments?post=5967"}],"version-history":[{"count":20,"href":"https:\/\/www.handball-edelweiss-linz.at\/wordpress\/wp-json\/wp\/v2\/posts\/5967\/revisions"}],"predecessor-version":[{"id":5996,"href":"https:\/\/www.handball-edelweiss-linz.at\/wordpress\/wp-json\/wp\/v2\/posts\/5967\/revisions\/5996"}],"wp:featuredmedia":[{"embeddable":true,"href":"https:\/\/www.handball-edelweiss-linz.at\/wordpress\/wp-json\/wp\/v2\/media\/5969"}],"wp:attachment":[{"href":"https:\/\/www.handball-edelweiss-linz.at\/wordpress\/wp-json\/wp\/v2\/media?parent=5967"}],"wp:term":[{"taxonomy":"category","embeddable":true,"href":"https:\/\/www.handball-edelweiss-linz.at\/wordpress\/wp-json\/wp\/v2\/categories?post=5967"},{"taxonomy":"post_tag","embeddable":true,"href":"https:\/\/www.handball-edelweiss-linz.at\/wordpress\/wp-json\/wp\/v2\/tags?post=5967"}],"curies":[{"name":"wp","href":"https:\/\/api.w.org\/{rel}","templated":true}]}}