{"id":7946,"date":"2021-12-18T06:08:11","date_gmt":"2021-12-18T05:08:11","guid":{"rendered":"http:\/\/www.handball-edelweiss-linz.at\/wordpress\/?p=7946"},"modified":"2021-12-19T18:07:12","modified_gmt":"2021-12-19T17:07:12","slug":"comeback-stronger","status":"publish","type":"post","link":"https:\/\/www.handball-edelweiss-linz.at\/wordpress\/comeback-stronger\/","title":{"rendered":"Comeback stronger"},"content":{"rendered":"\n<p><strong>Unser Nachwuchs darf wieder trainieren.<\/strong><\/p>\n\n\n\n<hr class=\"wp-block-separator\"\/>\n\n\n\n<p>&#8222;Kerzenschein und Kekseduft, das Hallentraining liegt in der Luft.&#8220;<br> Nach der unfreiwilligen vierw\u00f6chigen Trainingspause haben unsere Buben und M\u00e4dchen von den Minis und der U11\/12 am Freitag wieder topmotiviert das Parkett unsicher gemacht. Sch\u00f6n, dass ihr zur\u00fcck seid! Hoffentlich f\u00fcr eine l\u00e4ngere Zeit.<\/p>\n\n\n\n<hr class=\"wp-block-separator\"\/>\n\n\n\n<p>Lust auf Handball? Kontakt &amp; Information: \u27a1\ufe0f <a href=\"http:\/\/www.handball-edelweiss-linz.at\/wordpress\/lust-auf-handball\/\">HIER<\/a><\/p>\n\n\n\n<p><div><a href=\"http:\/\/www.handball-edelweiss-linz.at\/wordpress\/lust-auf-handball\/\"><\/a><\/div><\/p>\n\n\n\n<hr class=\"wp-block-separator\"\/>\n\n\n\n<p class=\"has-background has-small-font-size has-very-light-gray-background-color\">Ver\u00f6ffentlicht von J\u00fcrgen Hammang &#8211; 18.12.2021 &#8211; Text: Susanne Hain<\/p>\n","protected":false},"excerpt":{"rendered":"<p>Unser Nachwuchs darf wieder trainieren. &#8222;Kerzenschein und Kekseduft, das Hallentraining liegt in der Luft.&#8220; Nach der unfreiwilligen vierw\u00f6chigen Trainingspause haben unsere Buben und M\u00e4dchen von<\/p>\n","protected":false},"author":2,"featured_media":7951,"comment_status":"closed","ping_status":"open","sticky":false,"template":"","format":"standard","meta":{"ngg_post_thumbnail":0,"footnotes":""},"categories":[16,1],"tags":[],"class_list":["post-7946","post","type-post","status-publish","format-standard","has-post-thumbnail","hentry","category-nachwuchs","category-news","comments-off"],"_links":{"self":[{"href":"https:\/\/www.handball-edelweiss-linz.at\/wordpress\/wp-json\/wp\/v2\/posts\/7946","targetHints":{"allow":["GET"]}}],"collection":[{"href":"https:\/\/www.handball-edelweiss-linz.at\/wordpress\/wp-json\/wp\/v2\/posts"}],"about":[{"href":"https:\/\/www.handball-edelweiss-linz.at\/wordpress\/wp-json\/wp\/v2\/types\/post"}],"author":[{"embeddable":true,"href":"https:\/\/www.handball-edelweiss-linz.at\/wordpress\/wp-json\/wp\/v2\/users\/2"}],"replies":[{"embeddable":true,"href":"https:\/\/www.handball-edelweiss-linz.at\/wordpress\/wp-json\/wp\/v2\/comments?post=7946"}],"version-history":[{"count":6,"href":"https:\/\/www.handball-edelweiss-linz.at\/wordpress\/wp-json\/wp\/v2\/posts\/7946\/revisions"}],"predecessor-version":[{"id":7964,"href":"https:\/\/www.handball-edelweiss-linz.at\/wordpress\/wp-json\/wp\/v2\/posts\/7946\/revisions\/7964"}],"wp:featuredmedia":[{"embeddable":true,"href":"https:\/\/www.handball-edelweiss-linz.at\/wordpress\/wp-json\/wp\/v2\/media\/7951"}],"wp:attachment":[{"href":"https:\/\/www.handball-edelweiss-linz.at\/wordpress\/wp-json\/wp\/v2\/media?parent=7946"}],"wp:term":[{"taxonomy":"category","embeddable":true,"href":"https:\/\/www.handball-edelweiss-linz.at\/wordpress\/wp-json\/wp\/v2\/categories?post=7946"},{"taxonomy":"post_tag","embeddable":true,"href":"https:\/\/www.handball-edelweiss-linz.at\/wordpress\/wp-json\/wp\/v2\/tags?post=7946"}],"curies":[{"name":"wp","href":"https:\/\/api.w.org\/{rel}","templated":true}]}}